{"id":18835,"date":"2025-12-04T10:00:00","date_gmt":"2025-12-04T09:00:00","guid":{"rendered":"https:\/\/plataformavoluntariat.org\/la-plataforma-del-voluntariat-dona-suport-a-les-primeres-accions-del-pla-insular-del-voluntariat-2021-2026-del-consell-de-mallorca\/"},"modified":"2025-12-04T16:36:13","modified_gmt":"2025-12-04T15:36:13","slug":"la-plataforma-del-voluntariat-dona-suport-a-les-primeres-accions-del-pla-insular-del-voluntariat-2021-2026-del-consell-de-mallorca","status":"publish","type":"post","link":"https:\/\/plataformavoluntariat.org\/es\/la-plataforma-del-voluntariat-dona-suport-a-les-primeres-accions-del-pla-insular-del-voluntariat-2021-2026-del-consell-de-mallorca\/","title":{"rendered":"La Plataforma del Voluntariado da apoyo a las primeras acciones del Pla Insular de Voluntariado 2021\u20132026 del Consell de Mallorca"},"content":{"rendered":"\n<p>Esta semana, la Plataforma del Voluntariado de las Islas Baleares ha participado activamente en las primeras acciones impulsadas por el Plan Insular del Voluntariado 2021\u20132026 del Consell de Mallorca, en el marco del convenio de colaboraci\u00f3n firmado el pasado mas de abril.<\/p>\n\n<p>El lunes 1 de diciembre se constituy\u00f3 la I Mesa de Entidades de Voluntariado, un espacio que agrup\u00f3 a m\u00e1s de 30 entidades y que tiene como objetivo detectar necesidades, aportar propuestas, reflexionar sobre la realidad del voluntariado y evaluar las acciones impulsadas por la instituci\u00f3n insular. La sesi\u00f3n fue presidida por el conseller de Presidencia, Antoni Fuster, acompa\u00f1ado por la Directora Insular de Juventud y Participaci\u00f3n, Carmen Ripoll y el equipo de la Plataforma. <\/p>\n\n<p>El martes 2 de diciembre tuvo lugar la creaci\u00f3n del Espacio de Coordinaci\u00f3n del Voluntariado Municipal, con representantes de los ayuntamientos de Mallorca. Este \u00f3rgano pretende mejorar la comunicaci\u00f3n entre municipios, compartir experiencias y establecer nuevas v\u00edas de colaboraci\u00f3n para reforzar el apoyo en el voluntariado a escala local.<br\/><\/p>\n\n<p><\/p>\n\n<p><\/p>\n\n<figure class=\"wp-block-image aligncenter size-large is-resized\"><img loading=\"lazy\" decoding=\"async\" width=\"1024\" height=\"768\" src=\"https:\/\/plataformavoluntariat.org\/wp-content\/uploads\/2025\/12\/WhatsApp-Image-2025-12-03-at-11.45.39-1024x768.jpeg\" alt=\"\" class=\"wp-image-18832\" style=\"width:642px;height:auto\" srcset=\"https:\/\/plataformavoluntariat.org\/wp-content\/uploads\/2025\/12\/WhatsApp-Image-2025-12-03-at-11.45.39-980x735.jpeg 980w, https:\/\/plataformavoluntariat.org\/wp-content\/uploads\/2025\/12\/WhatsApp-Image-2025-12-03-at-11.45.39-480x360.jpeg 480w\" sizes=\"(min-width: 0px) and (max-width: 480px) 480px, (min-width: 481px) and (max-width: 980px) 980px, (min-width: 981px) 1024px, 100vw\" \/><figcaption class=\"wp-element-caption\">I Espai de Coordinaci\u00f3 del Voluntariat Municipal<\/figcaption><\/figure>\n<p>Este primer medio a\u00f1o de convenio, hemos visitado 37 ayuntamientos y 38 entidades de Voluntariado para actualizar la informaci\u00f3n, recoger las necesidades hacia la promoci\u00f3n del Voluntariado e informar sobre el Plan Insular de Voluntariado 2021-2026 (que se ha prorrogado hasta 2027), entre otras acciones.<br\/><\/p>\n\n<p>Desde la Plataforma queremos agradecer la participaci\u00f3n de las entidades y ayuntamientos, as\u00ed como la confianza del Consell de Mallorca en nuestra tarea de impulso, coordinaci\u00f3n y apoyo al tejido de voluntariado de la isla.<\/p>\n\n<p>Enlaces de inter\u00e9s: <a href=\"www.conselldemallorca.es\/voluntariat\">www.conselldemallorca.es\/voluntariat<\/a><\/p>\n","protected":false},"excerpt":{"rendered":"<p>Esta semana, la Plataforma del Voluntariado de las Islas Baleares ha participado activamente en las primeras acciones impulsadas por el Plan Insular del Voluntariado 2021\u20132026 del Consell de Mallorca, en el marco del convenio de colaboraci\u00f3n firmado el pasado mas de abril. El lunes 1 de diciembre se constituy\u00f3 la I Mesa de Entidades de [&hellip;]<\/p>\n","protected":false},"author":3,"featured_media":18831,"comment_status":"closed","ping_status":"open","sticky":false,"template":"","format":"standard","meta":{"_acf_changed":false,"_et_pb_use_builder":"off","_et_pb_old_content":"","_et_gb_content_width":"","_monsterinsights_skip_tracking":false,"_monsterinsights_sitenote_active":false,"_monsterinsights_sitenote_note":"","_monsterinsights_sitenote_category":0,"footnotes":""},"categories":[1602],"tags":[],"class_list":["post-18835","post","type-post","status-publish","format-standard","has-post-thumbnail","hentry","category-destacado"],"acf":[],"_links":{"self":[{"href":"https:\/\/plataformavoluntariat.org\/es\/wp-json\/wp\/v2\/posts\/18835","targetHints":{"allow":["GET"]}}],"collection":[{"href":"https:\/\/plataformavoluntariat.org\/es\/wp-json\/wp\/v2\/posts"}],"about":[{"href":"https:\/\/plataformavoluntariat.org\/es\/wp-json\/wp\/v2\/types\/post"}],"author":[{"embeddable":true,"href":"https:\/\/plataformavoluntariat.org\/es\/wp-json\/wp\/v2\/users\/3"}],"replies":[{"embeddable":true,"href":"https:\/\/plataformavoluntariat.org\/es\/wp-json\/wp\/v2\/comments?post=18835"}],"version-history":[{"count":4,"href":"https:\/\/plataformavoluntariat.org\/es\/wp-json\/wp\/v2\/posts\/18835\/revisions"}],"predecessor-version":[{"id":18841,"href":"https:\/\/plataformavoluntariat.org\/es\/wp-json\/wp\/v2\/posts\/18835\/revisions\/18841"}],"wp:featuredmedia":[{"embeddable":true,"href":"https:\/\/plataformavoluntariat.org\/es\/wp-json\/wp\/v2\/media\/18831"}],"wp:attachment":[{"href":"https:\/\/plataformavoluntariat.org\/es\/wp-json\/wp\/v2\/media?parent=18835"}],"wp:term":[{"taxonomy":"category","embeddable":true,"href":"https:\/\/plataformavoluntariat.org\/es\/wp-json\/wp\/v2\/categories?post=18835"},{"taxonomy":"post_tag","embeddable":true,"href":"https:\/\/plataformavoluntariat.org\/es\/wp-json\/wp\/v2\/tags?post=18835"}],"curies":[{"name":"wp","href":"https:\/\/api.w.org\/{rel}","templated":true}]}}