{"id":18827,"date":"2025-12-05T10:01:52","date_gmt":"2025-12-05T09:01:52","guid":{"rendered":"https:\/\/plataformavoluntariat.org\/?p=18827"},"modified":"2025-12-05T10:31:50","modified_gmt":"2025-12-05T09:31:50","slug":"la-plataforma-del-voluntariado-de-las-islas-baleares-celebra-su-acto-de-reconocimientos-2025","status":"publish","type":"post","link":"https:\/\/plataformavoluntariat.org\/es\/la-plataforma-del-voluntariado-de-las-islas-baleares-celebra-su-acto-de-reconocimientos-2025\/","title":{"rendered":"La Plataforma del Voluntariado de las Islas Baleares celebra su Acto de Reconocimientos 2025"},"content":{"rendered":"\n<p><strong>Fomentar la cultura de la solidaridad es, hoy m\u00e1s que nunca, el mejor ant\u00eddoto contra el ego\u00edsmo, la codicia, la soledad no deseada y la desafecci\u00f3n hacia la diferencia.<\/strong><\/p>\n\n\n\n<p>La Plataforma del Voluntariado de las Islas Baleares ha celebrado, por tercer a\u00f1o consecutivo y en el marco del D\u00eda Internacional del Voluntariado, el<strong> Acto de Reconocimientos del Voluntariado<\/strong>. <br>Una cita anual que quiere poner en valor iniciativas, trayectorias y compromisos \u2014tanto de entidades como de personas\u2014 que contribuyen de manera ejemplar al fomento y el fortalecimiento del voluntariado en las Islas Baleares.<\/p>\n\n\n\n<p>El acto, celebrado al Teatro Municipal Maruja Alfaro \u201cMar i Terra\u201d de Palma, ha sido conducido por la periodista y fil\u00f3loga <strong>Irene Sala<\/strong> y ha contado con la participaci\u00f3n musical del grupo <strong>A Banda Jazz 5et.<\/strong> Adem\u00e1s, tres j\u00f3venes voluntarios de C\u00e1ritas Mallorca, la *AECC y la Fundaci\u00f3n Monti-Sion Solidaria han le\u00eddo el Manifiesto del D\u00eda 5 de Diciembre, bajo el t\u00edtulo \u201cLa solidaridad nos construye\u201d, compartido en todo el Estado en esta jornada.<br><\/p>\n\n\n\n<h3 class=\"wp-block-heading\"><strong>Personas y proyectos reconocidos<\/strong><\/h3>\n\n\n\n<p>En esta tercera edici\u00f3n, los reconocimientos han distinguido:<\/p>\n\n\n\n<p><strong>\u2022 Categoria Personas Voluntarias \u2014 Antoni Sor\u00e0<\/strong><strong><br><\/strong>Reconocimiento adem\u00e1s de diez a\u00f1os de dedicaci\u00f3n a entidades como C\u00e1ritas Mallorca, la ONCE y la Fundaci\u00f3n Monti-Sion Solidaria. Su liderazgo los \u00faltimos a\u00f1os como presidente de la Plataforma del Voluntariado de las Islas Baleares ha reforzado la cohesi\u00f3n y el trabajo en red del tercer sector. <\/p>\n\n\n\n<p><strong>\u2022 Categoria Profesional vinculada al voluntariado \u2014 Laura R\u00edos<\/strong><strong><br><\/strong>Treballadora social y actual Coordinadora de Voluntariado y Sensibilizaci\u00f3n de C\u00e1ritas Mallorca, destaca por una trayectoria de m\u00e1s de una d\u00e9cada impulsando un modelo de entidad centrada en el voluntariado y acompa\u00f1ante desde diferentes proyectos el voluntariado, con un liderazgo pr\u00f3ximo y transformador, as\u00ed como por iniciativas innovadoras como el proyecto de Voluntariado Joven.<\/p>\n\n\n\n<p><strong>\u2022 Categoria Proyectos de Entidades de Voluntariado\u2014 Creu Roja Illes Balears<\/strong><strong><br><\/strong>Galardonada por el proyecto PREPI, de atenci\u00f3n humanitaria inmediata a personas llegadas en peque\u00f1as embarcaciones. El programa destaca por la implicaci\u00f3n constante del voluntariado, con equipos activos 24\/7. El voluntariado asume la intervenci\u00f3n directa, con alta formaci\u00f3n, coordinaci\u00f3n y capacidad de respuesta.. El premio incluye una dotaci\u00f3n de 2.500 \u20ac gracias a la Fundaci\u00f3n \u201cLa Caixa\u201d a trav\u00e9s de Caixa Bank.<\/p>\n\n\n\n<p>El acto ha contado tambi\u00e9n con la presencia de representantes institucionales, entre los cuales <strong>Sandra Fern\u00e1ndez<\/strong>, consejera de Familias, Bienestar Social y Atenci\u00f3n a la Dependencia, y<strong> Antoni Fuster<\/strong>, consejero de Presidencia del Consell de Mallorca, as\u00ed como de un amplio n\u00famero de representantes de entidades de voluntariado de las Islas Baleares.<\/p>\n","protected":false},"excerpt":{"rendered":"<p>Los premiados: Mateu Ballester (presidente de CruzRoja), Clemens Heidel (voluntario de Cruz Roja), Antoni Sor\u00e0 i Laura R\u00edos (C\u00e0ritas Mallorca).<\/p>\n","protected":false},"author":3,"featured_media":18845,"comment_status":"closed","ping_status":"open","sticky":false,"template":"","format":"standard","meta":{"_acf_changed":false,"_et_pb_use_builder":"off","_et_pb_old_content":"","_et_gb_content_width":"","_monsterinsights_skip_tracking":false,"_monsterinsights_sitenote_active":false,"_monsterinsights_sitenote_note":"","_monsterinsights_sitenote_category":0,"footnotes":""},"categories":[1602],"tags":[],"class_list":["post-18827","post","type-post","status-publish","format-standard","has-post-thumbnail","hentry","category-destacado"],"acf":[],"_links":{"self":[{"href":"https:\/\/plataformavoluntariat.org\/es\/wp-json\/wp\/v2\/posts\/18827","targetHints":{"allow":["GET"]}}],"collection":[{"href":"https:\/\/plataformavoluntariat.org\/es\/wp-json\/wp\/v2\/posts"}],"about":[{"href":"https:\/\/plataformavoluntariat.org\/es\/wp-json\/wp\/v2\/types\/post"}],"author":[{"embeddable":true,"href":"https:\/\/plataformavoluntariat.org\/es\/wp-json\/wp\/v2\/users\/3"}],"replies":[{"embeddable":true,"href":"https:\/\/plataformavoluntariat.org\/es\/wp-json\/wp\/v2\/comments?post=18827"}],"version-history":[{"count":3,"href":"https:\/\/plataformavoluntariat.org\/es\/wp-json\/wp\/v2\/posts\/18827\/revisions"}],"predecessor-version":[{"id":18848,"href":"https:\/\/plataformavoluntariat.org\/es\/wp-json\/wp\/v2\/posts\/18827\/revisions\/18848"}],"wp:featuredmedia":[{"embeddable":true,"href":"https:\/\/plataformavoluntariat.org\/es\/wp-json\/wp\/v2\/media\/18845"}],"wp:attachment":[{"href":"https:\/\/plataformavoluntariat.org\/es\/wp-json\/wp\/v2\/media?parent=18827"}],"wp:term":[{"taxonomy":"category","embeddable":true,"href":"https:\/\/plataformavoluntariat.org\/es\/wp-json\/wp\/v2\/categories?post=18827"},{"taxonomy":"post_tag","embeddable":true,"href":"https:\/\/plataformavoluntariat.org\/es\/wp-json\/wp\/v2\/tags?post=18827"}],"curies":[{"name":"wp","href":"https:\/\/api.w.org\/{rel}","templated":true}]}}