{"id":14841,"date":"2016-09-22T09:18:58","date_gmt":"2016-09-22T09:18:58","guid":{"rendered":"https:\/\/plataformavoluntariat.org\/staging\/formacion-basica-del-voluntariado-en-ibiza\/"},"modified":"2016-09-22T09:18:58","modified_gmt":"2016-09-22T09:18:58","slug":"formacion-basica-del-voluntariado-en-ibiza","status":"publish","type":"post","link":"https:\/\/plataformavoluntariat.org\/es\/formacion-basica-del-voluntariado-en-ibiza\/","title":{"rendered":"Formaci\u00f3n B\u00e1sica del Voluntariado en Ibiza"},"content":{"rendered":"<p>Junto con las Jornadas del d\u00eda 8 de octubre, se puede apuntar al siguiente enlace: <a href=\"http:\/\/plataformavoluntariat.org\/ca\/iii-jornades-de-voluntariat-a-les-illes\/\" target=\"_blank\" rel=\"noopener\">Jornadas en Ibiza<\/a>. El pr\u00f3ximo 7 de octubre realizaremos una Formaci\u00f3n B\u00e1sica del Voluntariado en la <a href=\"https:\/\/www.google.es\/maps\/place\/Asamblea+Local+de+la+Cruz+Roja+En+Eivissa\/@38.907553,1.4265453,15z\/data=!4m5!3m4!1s0x0:0xa52748eb52edae60!8m2!3d38.907553!4d1.4265453\" target=\"_blank\" rel=\"noopener\">Sede de Cruz Roja en Ibiza<\/a>, de 16 a 20h. La formaci\u00f3n consiste en exposiciones y din\u00e1micas que servir\u00e1n para tratar contenidos en materia de voluntariado como la conceptualizaci\u00f3n , los derechos y deberes del voluntario , la acci\u00f3n voluntaria , los tipos de voluntariado, las entidades que ofrecen programas de voluntariado, &#8230; Pod\u00e9is\u00a0inscribiros mediante formulario especificando la fecha y el lugar de la Formaci\u00f3n:<\/p>\n<p>&nbsp;<\/p>\n<p><iframe loading=\"lazy\" src=\"https:\/\/docs.google.com\/forms\/d\/1Ce_8UOudpdVNFOLOKAULJEoQELEng9Id8SZPijgnz0E\/viewform?embedded=true\" width=\"600\" height=\"500\" frameborder=\"0\" marginwidth=\"0\" marginheight=\"0\"><\/iframe><\/p>\n","protected":false},"excerpt":{"rendered":"<p>Junto con las Jornadas del d\u00eda 8 de octubre, se puede apuntar al siguiente enlace: Jornadas en Ibiza. El pr\u00f3ximo 7 de octubre realizaremos una Formaci\u00f3n B\u00e1sica del Voluntariado en la Sede de Cruz Roja en Ibiza, de 16 a 20h. La formaci\u00f3n consiste en exposiciones y din\u00e1micas que servir\u00e1n para tratar contenidos en materia [&hellip;]<\/p>\n","protected":false},"author":3,"featured_media":13298,"comment_status":"open","ping_status":"open","sticky":false,"template":"","format":"standard","meta":{"_acf_changed":false,"_et_pb_use_builder":"","_et_pb_old_content":"","_et_gb_content_width":"","_monsterinsights_skip_tracking":false,"_monsterinsights_sitenote_active":false,"_monsterinsights_sitenote_note":"","_monsterinsights_sitenote_category":0,"footnotes":""},"categories":[],"tags":[],"class_list":["post-14841","post","type-post","status-publish","format-standard","has-post-thumbnail","hentry"],"acf":[],"_links":{"self":[{"href":"https:\/\/plataformavoluntariat.org\/es\/wp-json\/wp\/v2\/posts\/14841","targetHints":{"allow":["GET"]}}],"collection":[{"href":"https:\/\/plataformavoluntariat.org\/es\/wp-json\/wp\/v2\/posts"}],"about":[{"href":"https:\/\/plataformavoluntariat.org\/es\/wp-json\/wp\/v2\/types\/post"}],"author":[{"embeddable":true,"href":"https:\/\/plataformavoluntariat.org\/es\/wp-json\/wp\/v2\/users\/3"}],"replies":[{"embeddable":true,"href":"https:\/\/plataformavoluntariat.org\/es\/wp-json\/wp\/v2\/comments?post=14841"}],"version-history":[{"count":0,"href":"https:\/\/plataformavoluntariat.org\/es\/wp-json\/wp\/v2\/posts\/14841\/revisions"}],"wp:featuredmedia":[{"embeddable":true,"href":"https:\/\/plataformavoluntariat.org\/es\/wp-json\/wp\/v2\/media\/13298"}],"wp:attachment":[{"href":"https:\/\/plataformavoluntariat.org\/es\/wp-json\/wp\/v2\/media?parent=14841"}],"wp:term":[{"taxonomy":"category","embeddable":true,"href":"https:\/\/plataformavoluntariat.org\/es\/wp-json\/wp\/v2\/categories?post=14841"},{"taxonomy":"post_tag","embeddable":true,"href":"https:\/\/plataformavoluntariat.org\/es\/wp-json\/wp\/v2\/tags?post=14841"}],"curies":[{"name":"wp","href":"https:\/\/api.w.org\/{rel}","templated":true}]}}